{"id":268,"date":"2025-12-23T12:44:32","date_gmt":"2025-12-23T12:44:32","guid":{"rendered":"https:\/\/sksipasportopava.cz\/?p=268"},"modified":"2025-12-23T12:48:30","modified_gmt":"2025-12-23T12:48:30","slug":"13-rocnik-visegrad-cupu-2026","status":"publish","type":"post","link":"https:\/\/sksipasportopava.cz\/?p=268","title":{"rendered":"13. ro\u010dn\u00edk VISEGRAD CUPU 2026"},"content":{"rendered":"<p><!-- \u010cESKY --><\/p>\n\n\n<p>\ud83d\udcc5 22.\u201323. srpna 2026<\/p>\n\n\n\n<p>\ud83d\udccd Mal\u00e9 Ho\u0161tice u Opavy<\/p>\n\n\n\n<p>Srde\u010dn\u011b v\u00e1s zveme na 13. ro\u010dn\u00edk mezin\u00e1rodn\u00edho fotbalov\u00e9ho turnaje Visegrad Cup 2026, kter\u00fd je ur\u010den pro d\u011bti narozen\u00e9 v roce 2017 a mlad\u0161\u00ed. Turnaje se z\u00fa\u010dastn\u00ed celkem 20 dru\u017estev z n\u011bkolika evropsk\u00fdch zem\u00ed.<\/p>\n\n\n\n<p>Stejn\u011b jako v p\u0159edchoz\u00edch letech bude m\u00edt turnaj tak\u00e9 charitativn\u00ed rozm\u011br. B\u011bhem akce bude prob\u00edhat prodej sportovn\u00edch knih a relikvi\u00ed a ve\u0161ker\u00fd v\u00fdt\u011b\u017eek poputuje na podporu d\u011btsk\u00e9ho odd\u011blen\u00ed Slezsk\u00e9 nemocnice v Opav\u011b a Domova pro seniory v Krava\u0159\u00edch.<\/p>\n\n\n\n<p><strong>S velk\u00fdm pot\u011b\u0161en\u00edm oznamujeme, \u017ee se n\u00e1m poda\u0159ilo z\u00edskat podporu:<\/strong><\/p>\n\n\n\n<p><a href=\"https:\/\/www.visegradfund.org\" target=\"_blank\" rel=\"noopener\">Visegr\u00e1dsk\u00e9ho fondu<\/a> \u2013 hlavn\u00edho partnera turnaje<\/p>\n\n\n\n<p><a href=\"https:\/\/www.opava-city.cz\" target=\"_blank\" rel=\"noopener\">Statut\u00e1rn\u00edho m\u011bsta Opavy<\/a><\/p>\n\n\n\n<p><a href=\"https:\/\/www.msk.cz\" target=\"_blank\" rel=\"noopener\">Moravskoslezsk\u00e9ho kraje<\/a><\/p>\n\n\n\n<p>Z\u00e1\u0161titu nad turnajem p\u0159evzaly v\u00fdznamn\u00e9 osobnosti \u010desk\u00e9ho sportu:<\/p>\n\n\n\n<p>Anton\u00edn Panenka, Alois Hadamczik, Jaroslav Sakala, Tom\u00e1\u0161 Ujfalu\u0161i, Howar Supp a Jana Adamcov\u00e1.<\/p>\n\n\n\n<p>Cel\u00fdm turnajem v\u00e1s provedou moder\u00e1to\u0159i Kate\u0159ina Ujfalu\u0161i a Karel Klement.<\/p>\n\n\n\n<p><strong>Partne\u0159i turnaje<\/strong><\/p>\n\n\n\n<p>Na organizaci mezin\u00e1rodn\u00edho turnaje se pod\u00edlej\u00ed tak\u00e9 partne\u0159i, kte\u0159\u00ed koordinuj\u00ed \u00fa\u010dast dru\u017estev ze sv\u00fdch zem\u00ed:<\/p>\n\n\n\n<p>\ud83c\uddf5\ud83c\uddf1 Polsko: KS \u015al\u0119za Wroc\u0142aw<\/p>\n\n\n\n<p>\ud83c\udded\ud83c\uddfa Ma\u010farsko: Ill\u00e9s Sports Foundation<\/p>\n\n\n\n<p>\ud83c\uddf8\ud83c\uddf0 Slovensko: \u0160portov\u00fd klub Z\u00e1va\u017en\u00e1 Poruba<\/p>\n\n\n\n<p>Seznam dru\u017estev, harmonogram a rozlosov\u00e1n\u00ed turnaje zve\u0159ejn\u00edme v pr\u016fb\u011bhu \u010dervna 2025.<\/p>\n\n\n\n<p>T\u011b\u0161\u00edme se na v\u00e1s! \u26bd<\/p>\n\n\n\n<hr class=\"wp-block-separator\"\/>\n\n\n<p><!-- ENGLISH --><\/p>\n\n\n<p><strong>13th VISEGRAD CUP 2026<\/strong><\/p>\n\n\n\n<p>\ud83d\udcc5 22\u201323 August 2026<\/p>\n\n\n\n<p>\ud83d\udccd Mal\u00e9 Ho\u0161tice near Opava, Czech Republic<\/p>\n\n\n\n<p>We warmly invite you to the 13th edition of the international youth football tournament Visegrad Cup 2026, dedicated to children born in 2017 and younger. A total of 20 teams from several European countries will take part in the tournament.<\/p>\n\n\n\n<p>As in previous years, the tournament will also have a charitable dimension. During the event, sports books and memorabilia will be sold, and all proceeds will be donated to support the Children\u2019s Department of Silesian Hospital in Opava and the Senior Home in Krava\u0159e.<\/p>\n\n\n\n<p><strong>We are pleased to announce the support of:<\/strong><\/p>\n\n\n\n<p><a href=\"https:\/\/www.visegradfund.org\" target=\"_blank\" rel=\"noopener\">The International Visegrad Fund<\/a> \u2013 main partner of the tournament<\/p>\n\n\n\n<p><a href=\"https:\/\/www.opava-city.cz\" target=\"_blank\" rel=\"noopener\">The Statutory City of Opava<\/a><\/p>\n\n\n\n<p><a href=\"https:\/\/www.msk.cz\" target=\"_blank\" rel=\"noopener\">The Moravian-Silesian Region<\/a><\/p>\n\n\n\n<p>The tournament is held under the patronage of prominent Czech sports personalities:<\/p>\n\n\n\n<p>Anton\u00edn Panenka, Alois Hadamczik, Jaroslav Sakala, Tom\u00e1\u0161 Ujfalu\u0161i, Howar Supp and Jana Adamcov\u00e1.<\/p>\n\n\n\n<p>The event will be hosted by Kate\u0159ina Ujfalu\u0161i and Karel Klement.<\/p>\n\n\n\n<p><strong>Tournament Partners<\/strong><\/p>\n\n\n\n<p>The organization of the international tournament is also supported by partners coordinating teams from their respective countries:<\/p>\n\n\n\n<p>\ud83c\uddf5\ud83c\uddf1 Poland: KS \u015al\u0119za Wroc\u0142aw<\/p>\n\n\n\n<p>\ud83c\udded\ud83c\uddfa Hungary: Ill\u00e9s Sports Foundation<\/p>\n\n\n\n<p>\ud83c\uddf8\ud83c\uddf0 Slovakia: \u0160portov\u00fd klub Z\u00e1va\u017en\u00e1 Poruba<\/p>\n\n\n\n<p>The list of participating teams, match schedule and tournament draw will be published in June 2025.<\/p>\n\n\n\n<p>We look forward to seeing you! \u26bd<\/p>\n\n\n\n<hr class=\"wp-block-separator\"\/>\n\n\n<p><!-- POLSKI --><\/p>\n\n\n<p><strong>13. edycja VISEGRAD CUP 2026<\/strong><\/p>\n\n\n\n<p>\ud83d\udcc5 22\u201323 sierpnia 2026<\/p>\n\n\n\n<p>\ud83d\udccd Mal\u00e9 Ho\u0161tice ko\u0142o Opawy, Czechy<\/p>\n\n\n\n<p>Serdecznie zapraszamy na 13. edycj\u0119 mi\u0119dzynarodowego turnieju pi\u0142karskiego Visegrad Cup 2026, przeznaczonego dla dzieci urodzonych w 2017 roku i m\u0142odszych. W turnieju we\u017amie udzia\u0142 20 dru\u017cyn z kilku kraj\u00f3w europejskich.<\/p>\n\n\n\n<p>Podobnie jak w poprzednich latach, turniej b\u0119dzie mia\u0142 r\u00f3wnie\u017c wymiar charytatywny. Podczas wydarzenia prowadzona b\u0119dzie sprzeda\u017c ksi\u0105\u017cek sportowych oraz pami\u0105tek, a ca\u0142y doch\u00f3d zostanie przekazany na rzecz Oddzia\u0142u Dzieci\u0119cego Szpitala \u015al\u0105skiego w Opawie oraz Domu Seniora w Krava\u0159ach.<\/p>\n\n\n\n<p><strong>Z ogromn\u0105 przyjemno\u015bci\u0105 informujemy o wsparciu:<\/strong><\/p>\n\n\n\n<p><a href=\"https:\/\/www.visegradfund.org\" target=\"_blank\" rel=\"noopener\">Mi\u0119dzynarodowego Funduszu Wyszehradzkiego<\/a> \u2013 g\u0142\u00f3wnego partnera turnieju<\/p>\n\n\n\n<p><a href=\"https:\/\/www.opava-city.cz\" target=\"_blank\" rel=\"noopener\">Miasta Statutarnego Opawa<\/a><\/p>\n\n\n\n<p><a href=\"https:\/\/www.msk.cz\" target=\"_blank\" rel=\"noopener\">Kraju Morawsko-\u015al\u0105skiego<\/a><\/p>\n\n\n\n<p>Patronat nad turniejem obj\u0119\u0142y wybitne postacie czeskiego sportu:<\/p>\n\n\n\n<p>Anton\u00edn Panenka, Alois Hadamczik, Jaroslav Sakala, Tom\u00e1\u0161 Ujfalu\u0161i, Howar Supp oraz Jana Adamcov\u00e1.<\/p>\n\n\n\n<p>Gospodarzami turnieju b\u0119d\u0105 Kate\u0159ina Ujfalu\u0161i oraz Karel Klement.<\/p>\n\n\n\n<p><strong>Partnerzy turnieju<\/strong><\/p>\n\n\n\n<p>W organizacj\u0119 turnieju zaanga\u017cowani s\u0105 r\u00f3wnie\u017c partnerzy koordynuj\u0105cy udzia\u0142 dru\u017cyn ze swoich kraj\u00f3w:<\/p>\n\n\n\n<p>\ud83c\uddf5\ud83c\uddf1 Polska: KS \u015al\u0119za Wroc\u0142aw<\/p>\n\n\n\n<p>\ud83c\udded\ud83c\uddfa W\u0119gry: Ill\u00e9s Sports Foundation<\/p>\n\n\n\n<p>\ud83c\uddf8\ud83c\uddf0 S\u0142owacja: \u0160portov\u00fd klub Z\u00e1va\u017en\u00e1 Poruba<\/p>\n\n\n\n<p>Lista dru\u017cyn, harmonogram mecz\u00f3w oraz losowanie turnieju zostan\u0105 opublikowane w czerwcu 2025 roku.<\/p>\n\n\n\n<p>Do zobaczenia! \u26bd<\/p>\n\n\n\n<hr class=\"wp-block-separator\"\/>\n\n\n<p><!-- MAGYAR --><\/p>\n\n\n<p>13. VISEGRAD KUPA 2026<\/p>\n\n\n\n<p>\ud83d\udcc5 2026. augusztus 22\u201323.<\/p>\n\n\n\n<p>\ud83d\udccd Mal\u00e9 Ho\u0161tice, Opava k\u00f6zel\u00e9ben, Csehorsz\u00e1g<\/p>\n\n\n\n<p>Szeretettel megh\u00edvjuk \u00d6n\u00f6ket a 13. alkalommal megrendez\u00e9sre ker\u00fcl\u0151 Visegrad Kupa 2026 nemzetk\u00f6zi labdar\u00fag\u00f3 torn\u00e1ra, amelyen a 2017-ben sz\u00fcletett \u00e9s fiatalabb gyermekek vehetnek r\u00e9szt. A torn\u00e1n \u00f6sszesen 20 csapat indul t\u00f6bb eur\u00f3pai orsz\u00e1gb\u00f3l.<\/p>\n\n\n\n<p>A kor\u00e1bbi \u00e9vekhez hasonl\u00f3an a torna j\u00f3t\u00e9konys\u00e1gi c\u00e9lokat is szolg\u00e1l. Az esem\u00e9ny sor\u00e1n sportk\u00f6nyvek \u00e9s relikvi\u00e1k ker\u00fclnek \u00e9rt\u00e9kes\u00edt\u00e9sre, \u00e9s a teljes bev\u00e9tel az Opavai Szil\u00e9ziai K\u00f3rh\u00e1z gyermekoszt\u00e1ly\u00e1t, valamint a krava\u0159ei Id\u0151sek Otthon\u00e1t t\u00e1mogatja.<\/p>\n\n\n\n<p><strong>\u00d6r\u00f6mmel jelentj\u00fck be, hogy a torna t\u00e1mogat\u00f3i:<\/strong><\/p>\n\n\n\n<p><a href=\"https:\/\/www.visegradfund.org\" target=\"_blank\" rel=\"noopener\">Nemzetk\u00f6zi Visegr\u00e1di Alap<\/a> \u2013 a torna f\u0151 partnere<\/p>\n\n\n\n<p><a href=\"https:\/\/www.opava-city.cz\" target=\"_blank\" rel=\"noopener\">Opava v\u00e1ros \u00f6nkorm\u00e1nyzata<\/a><\/p>\n\n\n\n<p><a href=\"https:\/\/www.msk.cz\" target=\"_blank\" rel=\"noopener\">Morva\u2013Szil\u00e9ziai R\u00e9gi\u00f3<\/a><\/p>\n\n\n\n<p>A torna v\u00e9dn\u00f6ks\u00e9g\u00e9t a cseh sport\u00e9let kiemelked\u0151 szem\u00e9lyis\u00e9gei v\u00e1llalt\u00e1k:<\/p>\n\n\n\n<p>Anton\u00edn Panenka, Alois Hadamczik, Jaroslav Sakala, Tom\u00e1\u0161 Ujfalu\u0161i, Howar Supp \u00e9s Jana Adamcov\u00e1.<\/p>\n\n\n\n<p>A torn\u00e1t Kate\u0159ina Ujfalu\u0161i \u00e9s Karel Klement moder\u00e1torok k\u00eds\u00e9rik v\u00e9gig.<\/p>\n\n\n\n<p><strong>A torna partnerei<\/strong><\/p>\n\n\n\n<p>A nemzetk\u00f6zi torna szervez\u00e9s\u00e9ben k\u00f6zrem\u0171k\u00f6d\u0151, az egyes orsz\u00e1gok csapatainak r\u00e9szv\u00e9tel\u00e9t koordin\u00e1l\u00f3 partnerek:<\/p>\n\n\n\n<p>\ud83c\uddf5\ud83c\uddf1 Lengyelorsz\u00e1g: KS \u015al\u0119za Wroc\u0142aw<\/p>\n\n\n\n<p>\ud83c\udded\ud83c\uddfa Magyarorsz\u00e1g: Ill\u00e9s Sports Foundation<\/p>\n\n\n\n<p>\ud83c\uddf8\ud83c\uddf0 Szlov\u00e1kia: \u0160portov\u00fd klub Z\u00e1va\u017en\u00e1 Poruba<\/p>\n\n\n\n<p>A r\u00e9sztvev\u0151 csapatok list\u00e1j\u00e1t, a m\u00e9rk\u0151z\u00e9sek menetrendj\u00e9t \u00e9s a sorsol\u00e1st 2025 j\u00fanius\u00e1ban tessz\u00fck k\u00f6zz\u00e9.<\/p>\n\n\n\n<p>V\u00e1rjuk \u00d6n\u00f6ket szeretettel! \u26bd<\/p>\n","protected":false},"excerpt":{"rendered":"<p>\ud83d\udcc5 22.\u201323. srpna 2026 \ud83d\udccd Mal\u00e9 Ho\u0161tice u Opavy Srde\u010dn\u011b v\u00e1s zveme na 13. ro\u010dn\u00edk mezin\u00e1rodn\u00edho fotbalov\u00e9ho turnaje Visegrad Cup 2026, kter\u00fd je ur\u010den pro d\u011bti narozen\u00e9 v roce 2017 a mlad\u0161\u00ed. Turnaje se z\u00fa\u010dastn\u00ed celkem 20 dru\u017estev z n\u011bkolika evropsk\u00fdch zem\u00ed. Stejn\u011b jako v p\u0159edchoz\u00edch letech bude m\u00edt turnaj tak\u00e9 charitativn\u00ed rozm\u011br. B\u011bhem akce &hellip; <a href=\"https:\/\/sksipasportopava.cz\/?p=268\" class=\"more-link\">Pokra\u010dov\u00e1n\u00ed textu <span class=\"screen-reader-text\">13. ro\u010dn\u00edk VISEGRAD CUPU 2026<\/span><\/a><\/p>\n","protected":false},"author":1,"featured_media":0,"comment_status":"closed","ping_status":"open","sticky":false,"template":"","format":"standard","meta":[],"categories":[1],"tags":[],"_links":{"self":[{"href":"https:\/\/sksipasportopava.cz\/index.php?rest_route=\/wp\/v2\/posts\/268"}],"collection":[{"href":"https:\/\/sksipasportopava.cz\/index.php?rest_route=\/wp\/v2\/posts"}],"about":[{"href":"https:\/\/sksipasportopava.cz\/index.php?rest_route=\/wp\/v2\/types\/post"}],"author":[{"embeddable":true,"href":"https:\/\/sksipasportopava.cz\/index.php?rest_route=\/wp\/v2\/users\/1"}],"replies":[{"embeddable":true,"href":"https:\/\/sksipasportopava.cz\/index.php?rest_route=%2Fwp%2Fv2%2Fcomments&post=268"}],"version-history":[{"count":2,"href":"https:\/\/sksipasportopava.cz\/index.php?rest_route=\/wp\/v2\/posts\/268\/revisions"}],"predecessor-version":[{"id":271,"href":"https:\/\/sksipasportopava.cz\/index.php?rest_route=\/wp\/v2\/posts\/268\/revisions\/271"}],"wp:attachment":[{"href":"https:\/\/sksipasportopava.cz\/index.php?rest_route=%2Fwp%2Fv2%2Fmedia&parent=268"}],"wp:term":[{"taxonomy":"category","embeddable":true,"href":"https:\/\/sksipasportopava.cz\/index.php?rest_route=%2Fwp%2Fv2%2Fcategories&post=268"},{"taxonomy":"post_tag","embeddable":true,"href":"https:\/\/sksipasportopava.cz\/index.php?rest_route=%2Fwp%2Fv2%2Ftags&post=268"}],"curies":[{"name":"wp","href":"https:\/\/api.w.org\/{rel}","templated":true}]}}