{"id":74,"date":"2017-07-30T16:45:52","date_gmt":"2017-07-30T16:45:52","guid":{"rendered":"http:\/\/sksipasportopava.cz\/?p=74"},"modified":"2017-08-21T13:21:28","modified_gmt":"2017-08-21T13:21:28","slug":"5-rocnik-fotbaloveho-turnaje-rozlosovan","status":"publish","type":"post","link":"https:\/\/sksipasportopava.cz\/?p=74","title":{"rendered":"5. ro\u010dn\u00edk fotbalov\u00e9ho turnaje rozlosov\u00e1n"},"content":{"rendered":"<p>P\u00e1t\u00fd ro\u010dn\u00edk Moravskoslezsk\u00e9ho Cupu U9 byl rozlosov\u00e1n. Los si m\u016f\u017eete <a href=\"http:\/\/sksipasportopava.cz\/wp-content\/uploads\/2017\/2017_turnaj_buly_rozlosovani.xls\">st\u00e1hnout ve form\u00e1tu .xls<\/a>.<\/p>\n<p>Turnaj zah\u00e1j\u00ed 1. n\u00e1m\u011bstek hejtmana Moravskoslezsk\u00e9ho kraje <strong>Luk\u00e1\u0161 Curylo<\/strong>, slavnostn\u00edho ukon\u010den\u00ed se pak chop\u00ed n\u00e1m\u011bstek hejtmana Moravskoslezsk\u00e9ho kraje\u00a0<strong>Stanislav Folwarczny <\/strong>a starostka m\u011bsta Krava\u0159e<strong> Monika Brzeskov\u00e1.<\/strong><\/p>\n<p><img src=\"http:\/\/sksipasportopava.cz\/wp-content\/uploads\/2017\/msk_cup2017plakat.jpg\" alt=\"\" \/><\/p>\n<p><a href=\"http:\/\/www.msk.cz\/\"><img loading=\"lazy\" class=\"alignnone size-full wp-image-64\" src=\"http:\/\/sksipasportopava.cz\/wp-content\/uploads\/2017\/04\/msk_logo.png\" alt=\"msk_logo\" width=\"400\" height=\"144\" srcset=\"https:\/\/sksipasportopava.cz\/wp-content\/uploads\/2017\/04\/msk_logo.png 640w, https:\/\/sksipasportopava.cz\/wp-content\/uploads\/2017\/04\/msk_logo-300x108.png 300w\" sizes=\"(max-width: 400px) 100vw, 400px\" \/><\/a><br \/>\n<a href=\"visegradfund.org\"><img loading=\"lazy\" class=\"alignnone size-full wp-image-63\" src=\"http:\/\/sksipasportopava.cz\/wp-content\/uploads\/2017\/04\/visegrad_fund_logo_web_blue_400.jpg\" alt=\"visegrad_fund_logo_web_blue_400\" width=\"400\" height=\"167\" srcset=\"https:\/\/sksipasportopava.cz\/wp-content\/uploads\/2017\/04\/visegrad_fund_logo_web_blue_400.jpg 400w, https:\/\/sksipasportopava.cz\/wp-content\/uploads\/2017\/04\/visegrad_fund_logo_web_blue_400-300x125.jpg 300w\" sizes=\"(max-width: 400px) 100vw, 400px\" \/><\/a><\/p>\n","protected":false},"excerpt":{"rendered":"<p>P\u00e1t\u00fd ro\u010dn\u00edk Moravskoslezsk\u00e9ho Cupu U9 byl rozlosov\u00e1n. Los si m\u016f\u017eete st\u00e1hnout ve form\u00e1tu .xls. Turnaj zah\u00e1j\u00ed 1. n\u00e1m\u011bstek hejtmana Moravskoslezsk\u00e9ho kraje Luk\u00e1\u0161 Curylo, slavnostn\u00edho ukon\u010den\u00ed se pak chop\u00ed n\u00e1m\u011bstek hejtmana Moravskoslezsk\u00e9ho kraje\u00a0Stanislav Folwarczny a starostka m\u011bsta Krava\u0159e Monika Brzeskov\u00e1.<\/p>\n","protected":false},"author":1,"featured_media":0,"comment_status":"open","ping_status":"open","sticky":false,"template":"","format":"standard","meta":[],"categories":[4],"tags":[],"_links":{"self":[{"href":"https:\/\/sksipasportopava.cz\/index.php?rest_route=\/wp\/v2\/posts\/74"}],"collection":[{"href":"https:\/\/sksipasportopava.cz\/index.php?rest_route=\/wp\/v2\/posts"}],"about":[{"href":"https:\/\/sksipasportopava.cz\/index.php?rest_route=\/wp\/v2\/types\/post"}],"author":[{"embeddable":true,"href":"https:\/\/sksipasportopava.cz\/index.php?rest_route=\/wp\/v2\/users\/1"}],"replies":[{"embeddable":true,"href":"https:\/\/sksipasportopava.cz\/index.php?rest_route=%2Fwp%2Fv2%2Fcomments&post=74"}],"version-history":[{"count":3,"href":"https:\/\/sksipasportopava.cz\/index.php?rest_route=\/wp\/v2\/posts\/74\/revisions"}],"predecessor-version":[{"id":78,"href":"https:\/\/sksipasportopava.cz\/index.php?rest_route=\/wp\/v2\/posts\/74\/revisions\/78"}],"wp:attachment":[{"href":"https:\/\/sksipasportopava.cz\/index.php?rest_route=%2Fwp%2Fv2%2Fmedia&parent=74"}],"wp:term":[{"taxonomy":"category","embeddable":true,"href":"https:\/\/sksipasportopava.cz\/index.php?rest_route=%2Fwp%2Fv2%2Fcategories&post=74"},{"taxonomy":"post_tag","embeddable":true,"href":"https:\/\/sksipasportopava.cz\/index.php?rest_route=%2Fwp%2Fv2%2Ftags&post=74"}],"curies":[{"name":"wp","href":"https:\/\/api.w.org\/{rel}","templated":true}]}}